{"id":486,"date":"2021-02-11T00:58:59","date_gmt":"2021-02-10T23:58:59","guid":{"rendered":"https:\/\/www.emicom-mali.com\/web\/?p=486"},"modified":"2021-02-11T02:14:46","modified_gmt":"2021-02-11T01:14:46","slug":"01-responsable-operations","status":"publish","type":"post","link":"https:\/\/www.emicom-mali.com\/web\/01-responsable-operations\/","title":{"rendered":"01 Responsable des Op\u00e9rations"},"content":{"rendered":"<h2>Appel \u00e0 Candidatures pour le poste:\u00a0Responsable des Op\u00e9rations<\/h2>\n<h3>Pr\u00e9sentation de l\u2019entreprise<\/h3>\n<p>Entreprise Malienne d\u2019Ing\u00e9nierie, de Construction et de Maintenance, <strong>\u201cEMICOM\u201d<\/strong> est sp\u00e9cialis\u00e9e en \u00e9nergie solaire, installations \u00e9lectriques, efficacit\u00e9 \u00e9nerg\u00e9tique, g\u00e9nie civil, t\u00e9l\u00e9communication, vid\u00e9o surveillance, contr\u00f4le d\u2019acc\u00e8s et gestion des op\u00e9rations dans les industries. Elle \u0153uvre, innove dans ces domaines depuis plus de <strong>22 ans<\/strong> et y a acquis une r\u00e9putation d\u2019entreprise fiable et comp\u00e9tente.<\/p>\n<h3>Profil recherch\u00e9\u00a0:<\/h3>\n<p>Ing\u00e9nieur(e) \u00e9lectricien, \u00e9lectrom\u00e9canicien ou \u00e9nerg\u00e9ticien avec au moins cinq (5) ans d\u2019exp\u00e9rience professionnelle dans un poste similaire.<\/p>\n<p>Les connaissances suivantes constituent un atout \u2018<strong> Sp\u00e9cialisation dans les \u00e9nergies renouvelables , en Gestion de projet et en management d\u2019entreprise.<\/strong><\/p>\n<h3>Description du Poste\u00a0:<\/h3>\n<h4>Missions<\/h4>\n<p>Piloter le Service Technique, Coordonner l\u2019ex\u00e9cution des Op\u00e9rations et Assurer l\u2019atteinte des Objectifs Strat\u00e9giques.<\/p>\n<h4>Responsabilit\u00e9s Manag\u00e9riales<\/h4>\n<ul>\n<li>Assurer le d\u00e9veloppement strat\u00e9gique du service technique.<\/li>\n<li>Assurer la mise en place des objectifs sp\u00e9cifiques, des indicateurs de performance et des plans d\u2019action annuels du service technique.<\/li>\n<li>Contribuer \u00e0 l\u2019\u00e9laboration du budget annuel et maintenir l\u2019\u00e9quilibre budg\u00e9taire du service technique.<\/li>\n<li>Pr\u00e9parer et r\u00e9aliser les revues de performance et les revues de Direction.<\/li>\n<li>D\u00e9velopper et suivre les plans d\u2019am\u00e9lioration continue.<\/li>\n<li>Etablir et suivre l\u2019ex\u00e9cution du planning des op\u00e9rations.<\/li>\n<li>Soutenir l\u2019\u00e9quipe commerciale dans l\u2019\u00e9laboration des offres, notamment sur la partie technique.<\/li>\n<li>Participer pleinement \u00e0 la mise en place du Syst\u00e8me de Management QHSE de l\u2019entreprise et assurer la mise en \u0153uvre des activit\u00e9s relatives au service technique.<\/li>\n<li>Assurer la mise \u00e0 disposition des ressources n\u00e9cessaires aux \u00e9quipes techniques.<\/li>\n<li>Motiver et faciliter l\u2019implication des \u00e9quipes techniques.<\/li>\n<li>Rendre compte \u00e0 la Direction sur l\u2019\u00e9volution des activit\u00e9s et toutes autres informations n\u00e9cessaires au bon fonctionnement des activit\u00e9s.<\/li>\n<\/ul>\n<h4>Responsabilit\u00e9s op\u00e9rationnelles<\/h4>\n<ul>\n<li>Coordonner les op\u00e9rations techniques et assurer leur mise en \u0153uvre conform\u00e9ment aux exigences contractuelles des clients, aux exigences l\u00e9gales et r\u00e8glementaires.<\/li>\n<li>Mettre en place et assurer l\u2019application correcte des proc\u00e9dures de r\u00e9alisation, des enregistrements et toutes autres informations document\u00e9es n\u00e9cessaires au bon fonctionnement du service.<\/li>\n<li>Maintenir et d\u00e9velopper les relations de partenariat n\u00e9cessaires au d\u00e9veloppement strat\u00e9gique de l\u2019entreprise.<\/li>\n<li>Organiser les rencontres d\u2019am\u00e9lioration avec les \u00e9quipes techniques.<\/li>\n<li>G\u00e9rer les non-conformit\u00e9s et suivre les plans d\u2019action corrective et pr\u00e9ventive.<\/li>\n<li>Assurer le d\u00e9veloppement de comp\u00e9tences des \u00e9quipes techniques (formations, coaching, sensibilisation).<\/li>\n<li>Veiller \u00e0 l\u2019am\u00e9lioration des comp\u00e9tences des \u00e9quipes conform\u00e9ment \u00e0 la vision et aux objectifs strat\u00e9giques.<\/li>\n<li>G\u00e9rer les risques et assurer la s\u00e9curit\u00e9 des biens et des \u00e9quipes op\u00e9rationnelles.<\/li>\n<li>R\u00e9aliser toute autre activit\u00e9 n\u00e9cessaire au d\u00e9veloppement du service et \u00e0 l\u2019atteinte des objectifs strat\u00e9giques.<\/li>\n<\/ul>\n<h3>Comp\u00e9tences\/qualit\u00e9s personnelles<\/h3>\n<ul>\n<li>Maitrise des outils et logiciels informatiques (Word, Excel, PowerPoint, AutoCAD).<\/li>\n<li>Sens de la responsabilit\u00e9, rigueur, r\u00e9activit\u00e9\u00a0et forte capacit\u00e9 manag\u00e9riale.<\/li>\n<li>Tr\u00e8s grande autonomie, sens de l\u2019initiative.<\/li>\n<li>Bonne capacit\u00e9 \u00e0 planifier, \u00e0 organiser et \u00e0 g\u00e9rer en mode multi-projets\/multi-dossiers.<\/li>\n<li>Bonne capacit\u00e9 en conception d\u00e9veloppement (r\u00e9daction, formalisation).<\/li>\n<li>Tr\u00e8s bonnes qualit\u00e9s relationnelles.<\/li>\n<li>Forte capacit\u00e9 d\u2019int\u00e9gration et de travail en \u00e9quipe.<\/li>\n<\/ul>\n<h3>NB: les candidatures f\u00e9minines sont vivement encourag\u00e9es<\/h3>\n<h4>Dossier de candidature :<\/h4>\n<p>Les candidats int\u00e9ress\u00e9s doivent envoyer leur CV par mail \u00e0 <a href=\"mailto:hmr.bko.2021@gmail.com\">hmr.bko.2021@gmail.com<\/a> en pr\u00e9cisant l\u2019intitul\u00e9 du poste en objet.<\/p>\n<h4>Date limite de d\u00e9p\u00f4t des dossiers:<\/h4>\n<p>Mercredi 17-02-2021 \u00e0 16h.<\/p>\n","protected":false},"excerpt":{"rendered":"<p>Appel \u00e0 Candidatures pour le poste:\u00a0Responsable des Op\u00e9rations Pr\u00e9sentation de l\u2019entreprise Entreprise Malienne d\u2019Ing\u00e9nierie, de Construction et de Maintenance, \u201cEMICOM\u201d est sp\u00e9cialis\u00e9e en \u00e9nergie solaire, installations \u00e9lectriques, efficacit\u00e9 \u00e9nerg\u00e9tique, g\u00e9nie civil, t\u00e9l\u00e9communication, vid\u00e9o surveillance, contr\u00f4le d\u2019acc\u00e8s et gestion des op\u00e9rations dans les industries. Elle \u0153uvre, innove dans ces domaines depuis plus de 22 ans et&hellip;<\/p>\n","protected":false},"author":1,"featured_media":487,"comment_status":"closed","ping_status":"open","sticky":false,"template":"","format":"standard","meta":[],"categories":[53],"tags":[],"yoast_head":"<!-- This site is optimized with the Yoast SEO plugin v23.0 - https:\/\/yoast.com\/wordpress\/plugins\/seo\/ -->\n<title>01 Responsable des Op\u00e9rations - EMICOM MALI<\/title>\n<meta name=\"description\" content=\"Piloter le Service Technique, Coordonner l\u2019ex\u00e9cution des Op\u00e9rations et Assurer l\u2019atteinte des Objectifs Strat\u00e9giques\" \/>\n<meta name=\"robots\" content=\"index, follow, max-snippet:-1, max-image-preview:large, max-video-preview:-1\" \/>\n<link rel=\"canonical\" href=\"https:\/\/www.emicom-mali.com\/web\/01-responsable-operations\/\" \/>\n<meta property=\"og:locale\" content=\"fr_FR\" \/>\n<meta property=\"og:type\" content=\"article\" \/>\n<meta property=\"og:title\" content=\"Appel \u00e0 Candidatures pour le poste:\u00a0Responsable des Op\u00e9rations\" \/>\n<meta property=\"og:description\" content=\"Piloter le Service Technique, Coordonner l\u2019ex\u00e9cution des Op\u00e9rations et Assurer l\u2019atteinte des Objectifs Strat\u00e9giques\" \/>\n<meta property=\"og:url\" content=\"https:\/\/www.emicom-mali.com\/web\/01-responsable-operations\/\" \/>\n<meta property=\"og:site_name\" content=\"EMICOM MALI\" \/>\n<meta property=\"article:publisher\" content=\"https:\/\/www.facebook.com\/Emicom-220426265073528\" \/>\n<meta property=\"article:published_time\" content=\"2021-02-10T23:58:59+00:00\" \/>\n<meta property=\"article:modified_time\" content=\"2021-02-11T01:14:46+00:00\" \/>\n<meta property=\"og:image\" content=\"https:\/\/www.emicom-mali.com\/web\/wp-content\/uploads\/2021\/02\/Recrutement-Responsable-des-Op\u00e9rations.jpg\" \/>\n\t<meta property=\"og:image:width\" content=\"1200\" \/>\n\t<meta property=\"og:image:height\" content=\"1200\" \/>\n\t<meta property=\"og:image:type\" content=\"image\/jpeg\" \/>\n<meta name=\"author\" content=\"Djibril\" \/>\n<meta name=\"twitter:card\" content=\"summary_large_image\" \/>\n<meta name=\"twitter:label1\" content=\"\u00c9crit par\" \/>\n\t<meta name=\"twitter:data1\" content=\"Djibril\" \/>\n\t<meta name=\"twitter:label2\" content=\"Dur\u00e9e de lecture estim\u00e9e\" \/>\n\t<meta name=\"twitter:data2\" content=\"3 minutes\" \/>\n<script type=\"application\/ld+json\" class=\"yoast-schema-graph\">{\"@context\":\"https:\/\/schema.org\",\"@graph\":[{\"@type\":\"Article\",\"@id\":\"https:\/\/www.emicom-mali.com\/web\/01-responsable-operations\/#article\",\"isPartOf\":{\"@id\":\"https:\/\/www.emicom-mali.com\/web\/01-responsable-operations\/\"},\"author\":{\"name\":\"Djibril\",\"@id\":\"https:\/\/www.emicom-mali.com\/web\/#\/schema\/person\/b725fdc9b409c0a6f6fb2c604ac47127\"},\"headline\":\"01 Responsable des Op\u00e9rations\",\"datePublished\":\"2021-02-10T23:58:59+00:00\",\"dateModified\":\"2021-02-11T01:14:46+00:00\",\"mainEntityOfPage\":{\"@id\":\"https:\/\/www.emicom-mali.com\/web\/01-responsable-operations\/\"},\"wordCount\":608,\"publisher\":{\"@id\":\"https:\/\/www.emicom-mali.com\/web\/#organization\"},\"image\":{\"@id\":\"https:\/\/www.emicom-mali.com\/web\/01-responsable-operations\/#primaryimage\"},\"thumbnailUrl\":\"https:\/\/www.emicom-mali.com\/web\/wp-content\/uploads\/2021\/02\/Recrutement-Responsable-des-Op\u00e9rations.jpg\",\"articleSection\":[\"Recrutement\"],\"inLanguage\":\"fr-FR\"},{\"@type\":\"WebPage\",\"@id\":\"https:\/\/www.emicom-mali.com\/web\/01-responsable-operations\/\",\"url\":\"https:\/\/www.emicom-mali.com\/web\/01-responsable-operations\/\",\"name\":\"01 Responsable des Op\u00e9rations - EMICOM MALI\",\"isPartOf\":{\"@id\":\"https:\/\/www.emicom-mali.com\/web\/#website\"},\"primaryImageOfPage\":{\"@id\":\"https:\/\/www.emicom-mali.com\/web\/01-responsable-operations\/#primaryimage\"},\"image\":{\"@id\":\"https:\/\/www.emicom-mali.com\/web\/01-responsable-operations\/#primaryimage\"},\"thumbnailUrl\":\"https:\/\/www.emicom-mali.com\/web\/wp-content\/uploads\/2021\/02\/Recrutement-Responsable-des-Op\u00e9rations.jpg\",\"datePublished\":\"2021-02-10T23:58:59+00:00\",\"dateModified\":\"2021-02-11T01:14:46+00:00\",\"description\":\"Piloter le Service Technique, Coordonner l\u2019ex\u00e9cution des Op\u00e9rations et Assurer l\u2019atteinte des Objectifs Strat\u00e9giques\",\"breadcrumb\":{\"@id\":\"https:\/\/www.emicom-mali.com\/web\/01-responsable-operations\/#breadcrumb\"},\"inLanguage\":\"fr-FR\",\"potentialAction\":[{\"@type\":\"ReadAction\",\"target\":[\"https:\/\/www.emicom-mali.com\/web\/01-responsable-operations\/\"]}]},{\"@type\":\"ImageObject\",\"inLanguage\":\"fr-FR\",\"@id\":\"https:\/\/www.emicom-mali.com\/web\/01-responsable-operations\/#primaryimage\",\"url\":\"https:\/\/www.emicom-mali.com\/web\/wp-content\/uploads\/2021\/02\/Recrutement-Responsable-des-Op\u00e9rations.jpg\",\"contentUrl\":\"https:\/\/www.emicom-mali.com\/web\/wp-content\/uploads\/2021\/02\/Recrutement-Responsable-des-Op\u00e9rations.jpg\",\"width\":1200,\"height\":1200},{\"@type\":\"BreadcrumbList\",\"@id\":\"https:\/\/www.emicom-mali.com\/web\/01-responsable-operations\/#breadcrumb\",\"itemListElement\":[{\"@type\":\"ListItem\",\"position\":1,\"name\":\"Accueil\",\"item\":\"https:\/\/www.emicom-mali.com\/web\/\"},{\"@type\":\"ListItem\",\"position\":2,\"name\":\"01 Responsable des Op\u00e9rations\"}]},{\"@type\":\"WebSite\",\"@id\":\"https:\/\/www.emicom-mali.com\/web\/#website\",\"url\":\"https:\/\/www.emicom-mali.com\/web\/\",\"name\":\"EMICOM MALI\",\"description\":\"En plus nous capturons le soleil\",\"publisher\":{\"@id\":\"https:\/\/www.emicom-mali.com\/web\/#organization\"},\"potentialAction\":[{\"@type\":\"SearchAction\",\"target\":{\"@type\":\"EntryPoint\",\"urlTemplate\":\"https:\/\/www.emicom-mali.com\/web\/?s={search_term_string}\"},\"query-input\":\"required name=search_term_string\"}],\"inLanguage\":\"fr-FR\"},{\"@type\":\"Organization\",\"@id\":\"https:\/\/www.emicom-mali.com\/web\/#organization\",\"name\":\"EMICOM MALI\",\"url\":\"https:\/\/www.emicom-mali.com\/web\/\",\"logo\":{\"@type\":\"ImageObject\",\"inLanguage\":\"fr-FR\",\"@id\":\"https:\/\/www.emicom-mali.com\/web\/#\/schema\/logo\/image\/\",\"url\":\"https:\/\/www.emicom-mali.com\/web\/wp-content\/uploads\/2016\/12\/logo-nom.png\",\"contentUrl\":\"https:\/\/www.emicom-mali.com\/web\/wp-content\/uploads\/2016\/12\/logo-nom.png\",\"width\":172,\"height\":105,\"caption\":\"EMICOM MALI\"},\"image\":{\"@id\":\"https:\/\/www.emicom-mali.com\/web\/#\/schema\/logo\/image\/\"},\"sameAs\":[\"https:\/\/www.facebook.com\/Emicom-220426265073528\"]},{\"@type\":\"Person\",\"@id\":\"https:\/\/www.emicom-mali.com\/web\/#\/schema\/person\/b725fdc9b409c0a6f6fb2c604ac47127\",\"name\":\"Djibril\",\"image\":{\"@type\":\"ImageObject\",\"inLanguage\":\"fr-FR\",\"@id\":\"https:\/\/www.emicom-mali.com\/web\/#\/schema\/person\/image\/\",\"url\":\"https:\/\/secure.gravatar.com\/avatar\/a9c9ec1dc0e566bdd3eed8d7addadace?s=96&d=mm&r=g\",\"contentUrl\":\"https:\/\/secure.gravatar.com\/avatar\/a9c9ec1dc0e566bdd3eed8d7addadace?s=96&d=mm&r=g\",\"caption\":\"Djibril\"}}]}<\/script>\n<!-- \/ Yoast SEO plugin. -->","yoast_head_json":{"title":"01 Responsable des Op\u00e9rations - EMICOM MALI","description":"Piloter le Service Technique, Coordonner l\u2019ex\u00e9cution des Op\u00e9rations et Assurer l\u2019atteinte des Objectifs Strat\u00e9giques","robots":{"index":"index","follow":"follow","max-snippet":"max-snippet:-1","max-image-preview":"max-image-preview:large","max-video-preview":"max-video-preview:-1"},"canonical":"https:\/\/www.emicom-mali.com\/web\/01-responsable-operations\/","og_locale":"fr_FR","og_type":"article","og_title":"Appel \u00e0 Candidatures pour le poste:\u00a0Responsable des Op\u00e9rations","og_description":"Piloter le Service Technique, Coordonner l\u2019ex\u00e9cution des Op\u00e9rations et Assurer l\u2019atteinte des Objectifs Strat\u00e9giques","og_url":"https:\/\/www.emicom-mali.com\/web\/01-responsable-operations\/","og_site_name":"EMICOM MALI","article_publisher":"https:\/\/www.facebook.com\/Emicom-220426265073528","article_published_time":"2021-02-10T23:58:59+00:00","article_modified_time":"2021-02-11T01:14:46+00:00","og_image":[{"width":1200,"height":1200,"url":"https:\/\/www.emicom-mali.com\/web\/wp-content\/uploads\/2021\/02\/Recrutement-Responsable-des-Op\u00e9rations.jpg","type":"image\/jpeg"}],"author":"Djibril","twitter_card":"summary_large_image","twitter_misc":{"\u00c9crit par":"Djibril","Dur\u00e9e de lecture estim\u00e9e":"3 minutes"},"schema":{"@context":"https:\/\/schema.org","@graph":[{"@type":"Article","@id":"https:\/\/www.emicom-mali.com\/web\/01-responsable-operations\/#article","isPartOf":{"@id":"https:\/\/www.emicom-mali.com\/web\/01-responsable-operations\/"},"author":{"name":"Djibril","@id":"https:\/\/www.emicom-mali.com\/web\/#\/schema\/person\/b725fdc9b409c0a6f6fb2c604ac47127"},"headline":"01 Responsable des Op\u00e9rations","datePublished":"2021-02-10T23:58:59+00:00","dateModified":"2021-02-11T01:14:46+00:00","mainEntityOfPage":{"@id":"https:\/\/www.emicom-mali.com\/web\/01-responsable-operations\/"},"wordCount":608,"publisher":{"@id":"https:\/\/www.emicom-mali.com\/web\/#organization"},"image":{"@id":"https:\/\/www.emicom-mali.com\/web\/01-responsable-operations\/#primaryimage"},"thumbnailUrl":"https:\/\/www.emicom-mali.com\/web\/wp-content\/uploads\/2021\/02\/Recrutement-Responsable-des-Op\u00e9rations.jpg","articleSection":["Recrutement"],"inLanguage":"fr-FR"},{"@type":"WebPage","@id":"https:\/\/www.emicom-mali.com\/web\/01-responsable-operations\/","url":"https:\/\/www.emicom-mali.com\/web\/01-responsable-operations\/","name":"01 Responsable des Op\u00e9rations - EMICOM MALI","isPartOf":{"@id":"https:\/\/www.emicom-mali.com\/web\/#website"},"primaryImageOfPage":{"@id":"https:\/\/www.emicom-mali.com\/web\/01-responsable-operations\/#primaryimage"},"image":{"@id":"https:\/\/www.emicom-mali.com\/web\/01-responsable-operations\/#primaryimage"},"thumbnailUrl":"https:\/\/www.emicom-mali.com\/web\/wp-content\/uploads\/2021\/02\/Recrutement-Responsable-des-Op\u00e9rations.jpg","datePublished":"2021-02-10T23:58:59+00:00","dateModified":"2021-02-11T01:14:46+00:00","description":"Piloter le Service Technique, Coordonner l\u2019ex\u00e9cution des Op\u00e9rations et Assurer l\u2019atteinte des Objectifs Strat\u00e9giques","breadcrumb":{"@id":"https:\/\/www.emicom-mali.com\/web\/01-responsable-operations\/#breadcrumb"},"inLanguage":"fr-FR","potentialAction":[{"@type":"ReadAction","target":["https:\/\/www.emicom-mali.com\/web\/01-responsable-operations\/"]}]},{"@type":"ImageObject","inLanguage":"fr-FR","@id":"https:\/\/www.emicom-mali.com\/web\/01-responsable-operations\/#primaryimage","url":"https:\/\/www.emicom-mali.com\/web\/wp-content\/uploads\/2021\/02\/Recrutement-Responsable-des-Op\u00e9rations.jpg","contentUrl":"https:\/\/www.emicom-mali.com\/web\/wp-content\/uploads\/2021\/02\/Recrutement-Responsable-des-Op\u00e9rations.jpg","width":1200,"height":1200},{"@type":"BreadcrumbList","@id":"https:\/\/www.emicom-mali.com\/web\/01-responsable-operations\/#breadcrumb","itemListElement":[{"@type":"ListItem","position":1,"name":"Accueil","item":"https:\/\/www.emicom-mali.com\/web\/"},{"@type":"ListItem","position":2,"name":"01 Responsable des Op\u00e9rations"}]},{"@type":"WebSite","@id":"https:\/\/www.emicom-mali.com\/web\/#website","url":"https:\/\/www.emicom-mali.com\/web\/","name":"EMICOM MALI","description":"En plus nous capturons le soleil","publisher":{"@id":"https:\/\/www.emicom-mali.com\/web\/#organization"},"potentialAction":[{"@type":"SearchAction","target":{"@type":"EntryPoint","urlTemplate":"https:\/\/www.emicom-mali.com\/web\/?s={search_term_string}"},"query-input":"required name=search_term_string"}],"inLanguage":"fr-FR"},{"@type":"Organization","@id":"https:\/\/www.emicom-mali.com\/web\/#organization","name":"EMICOM MALI","url":"https:\/\/www.emicom-mali.com\/web\/","logo":{"@type":"ImageObject","inLanguage":"fr-FR","@id":"https:\/\/www.emicom-mali.com\/web\/#\/schema\/logo\/image\/","url":"https:\/\/www.emicom-mali.com\/web\/wp-content\/uploads\/2016\/12\/logo-nom.png","contentUrl":"https:\/\/www.emicom-mali.com\/web\/wp-content\/uploads\/2016\/12\/logo-nom.png","width":172,"height":105,"caption":"EMICOM MALI"},"image":{"@id":"https:\/\/www.emicom-mali.com\/web\/#\/schema\/logo\/image\/"},"sameAs":["https:\/\/www.facebook.com\/Emicom-220426265073528"]},{"@type":"Person","@id":"https:\/\/www.emicom-mali.com\/web\/#\/schema\/person\/b725fdc9b409c0a6f6fb2c604ac47127","name":"Djibril","image":{"@type":"ImageObject","inLanguage":"fr-FR","@id":"https:\/\/www.emicom-mali.com\/web\/#\/schema\/person\/image\/","url":"https:\/\/secure.gravatar.com\/avatar\/a9c9ec1dc0e566bdd3eed8d7addadace?s=96&d=mm&r=g","contentUrl":"https:\/\/secure.gravatar.com\/avatar\/a9c9ec1dc0e566bdd3eed8d7addadace?s=96&d=mm&r=g","caption":"Djibril"}}]}},"_links":{"self":[{"href":"https:\/\/www.emicom-mali.com\/web\/wp-json\/wp\/v2\/posts\/486"}],"collection":[{"href":"https:\/\/www.emicom-mali.com\/web\/wp-json\/wp\/v2\/posts"}],"about":[{"href":"https:\/\/www.emicom-mali.com\/web\/wp-json\/wp\/v2\/types\/post"}],"author":[{"embeddable":true,"href":"https:\/\/www.emicom-mali.com\/web\/wp-json\/wp\/v2\/users\/1"}],"replies":[{"embeddable":true,"href":"https:\/\/www.emicom-mali.com\/web\/wp-json\/wp\/v2\/comments?post=486"}],"version-history":[{"count":1,"href":"https:\/\/www.emicom-mali.com\/web\/wp-json\/wp\/v2\/posts\/486\/revisions"}],"predecessor-version":[{"id":488,"href":"https:\/\/www.emicom-mali.com\/web\/wp-json\/wp\/v2\/posts\/486\/revisions\/488"}],"wp:featuredmedia":[{"embeddable":true,"href":"https:\/\/www.emicom-mali.com\/web\/wp-json\/wp\/v2\/media\/487"}],"wp:attachment":[{"href":"https:\/\/www.emicom-mali.com\/web\/wp-json\/wp\/v2\/media?parent=486"}],"wp:term":[{"taxonomy":"category","embeddable":true,"href":"https:\/\/www.emicom-mali.com\/web\/wp-json\/wp\/v2\/categories?post=486"},{"taxonomy":"post_tag","embeddable":true,"href":"https:\/\/www.emicom-mali.com\/web\/wp-json\/wp\/v2\/tags?post=486"}],"curies":[{"name":"wp","href":"https:\/\/api.w.org\/{rel}","templated":true}]}}