{"id":489,"date":"2021-02-11T01:12:02","date_gmt":"2021-02-11T00:12:02","guid":{"rendered":"https:\/\/www.emicom-mali.com\/web\/?p=489"},"modified":"2021-02-11T02:14:35","modified_gmt":"2021-02-11T01:14:35","slug":"01-responsable-commercial","status":"publish","type":"post","link":"https:\/\/www.emicom-mali.com\/web\/01-responsable-commercial\/","title":{"rendered":"01 Responsable Commercial.e"},"content":{"rendered":"<h2>Appel \u00e0 Candidatures pour le poste: <strong>Responsable Commercial.e<\/strong><\/h2>\n<h3>Pr\u00e9sentation de l\u2019entreprise<\/h3>\n<p>Entreprise Malienne d\u2019Ing\u00e9nierie, de Construction et de Maintenance, <strong>\u201cEMICOM\u201d<\/strong> est sp\u00e9cialis\u00e9e en \u00e9nergie solaire, installations \u00e9lectriques, efficacit\u00e9 \u00e9nerg\u00e9tique, g\u00e9nie civil, t\u00e9l\u00e9communication, vid\u00e9o surveillance, contr\u00f4le d\u2019acc\u00e8s et gestion des op\u00e9rations dans les industries. Elle \u0153uvre, innove dans ces domaines depuis plus de <strong>22 ans<\/strong> et y a acquis une r\u00e9putation d\u2019entreprise fiable et comp\u00e9tente.<\/p>\n<h3>Profil recherch\u00e9\u00a0:<\/h3>\n<p>Master ou Niveau \u00e9quivalent en Marketing-communication\/Commerce International ou toute autre formation similaire et avoir au moins cinq (5) ans d\u2019exp\u00e9rience professionnelle dans un poste similaire.<\/p>\n<p>La maitrise de l\u2019anglais est un atout.<\/p>\n<h3>Description du Poste\u00a0:<\/h3>\n<h4>Missions<\/h4>\n<p>Concevoir et d\u00e9ployer les strat\u00e9gies commerciales de la soci\u00e9t\u00e9 et veiller \u00e0 l\u2019atteinte des objectifs et r\u00e9sultats du d\u00e9partement du service.<\/p>\n<h4>Responsabilit\u00e9s Manag\u00e9riales<\/h4>\n<ul>\n<li>Assurer le d\u00e9veloppement strat\u00e9gique du service commercial.<\/li>\n<li>Mettre en place la strat\u00e9gie commerciale en coh\u00e9rence avec la vision et les objectifs strat\u00e9giques de l&rsquo;entreprise.<\/li>\n<li>D\u00e9finir et assurer l\u2019atteinte des objectifs sp\u00e9cifiques, des indicateurs de performance et des plans d\u2019action annuels.<\/li>\n<li>D\u00e9velopper les plans de communication interne et externe\u00a0ainsi que l\u2019aspect marketing.<\/li>\n<li>Contribuer \u00e0 l\u2019\u00e9laboration du budget annuel et maintenir l\u2019\u00e9quilibre budg\u00e9taire du service.<\/li>\n<li>Pr\u00e9parer et r\u00e9aliser les revues de performance, les revues de Direction.<\/li>\n<li>D\u00e9velopper et suivre les plans d\u2019am\u00e9lioration de mani\u00e8re continue.<\/li>\n<li>Etablir et suivre l\u2019ex\u00e9cution du planning marketing\/communication.<\/li>\n<li>Piloter le processus de conception et de suivi des appels d\u2019offre, des contrats et convention de partenariat.<\/li>\n<li>Assurer la mise \u00e0 disposition des ressources n\u00e9cessaires aux \u00e9quipes commerciales.<\/li>\n<li>Motiver et faciliter l\u2019implication des \u00e9quipes commerciales.<\/li>\n<li>Assurer le suivi des \u00e9quipes commerciales.<\/li>\n<li>Rendre compte \u00e0 la Direction de l\u2019\u00e9volution des activit\u00e9s et toutes autres informations n\u00e9cessaires au bon fonctionnement des activit\u00e9s.<\/li>\n<\/ul>\n<h4>Responsabilit\u00e9s op\u00e9rationnelles<\/h4>\n<ul>\n<li>D\u00e9velopper le march\u00e9 et veiller \u00e0 l\u2019augmentation du portefeuille client\u00e8le sur l\u2019ensemble du territoire National.<\/li>\n<li>R\u00e9aliser des actions de prospection sur le terrain.<\/li>\n<li>Veiller au d\u00e9ploiement de la strat\u00e9gie commerciale et \u00e0 l\u2019atteinte du chiffre d\u2019affaires pr\u00e9visionnel.<\/li>\n<li>Organiser et suivre les performances des \u00e9quipes commerciales.<\/li>\n<li>Veiller \u00e0 la mise en place des plans de prospection et au suivi des r\u00e9sultats.<\/li>\n<li>Assurer la communication autour des activit\u00e9s et des projets d\u00e9velopp\u00e9s par la soci\u00e9t\u00e9.<\/li>\n<li>Organiser les tests de d\u00e9monstration\u00a0\u00e0 l\u2019endroit des clients.<\/li>\n<li>Suivre le march\u00e9, ses \u00e9volutions et le positionnement de la concurrence.<\/li>\n<li>Former et Coacher les \u00e9quipes en strat\u00e9gie commerciale.<\/li>\n<li>D\u00e9velopper les strat\u00e9gies de communication en r\u00e9ponse \u00e0 une situation de crise.<\/li>\n<li>Veiller au maintien et \u00e0 l\u2019am\u00e9lioration de l\u2019image de marque et de la notori\u00e9t\u00e9 de l\u2019entreprise.<\/li>\n<li>D\u00e9velopper et Piloter un r\u00e9seau de partenaires b\u00e9n\u00e9fiques pour l\u2019entreprise.<\/li>\n<li>R\u00e9aliser toute autre activit\u00e9 n\u00e9cessaire au d\u00e9veloppement du service et \u00e0 l\u2019atteinte des objectifs strat\u00e9giques.<\/li>\n<\/ul>\n<h3>Comp\u00e9tences\/qualit\u00e9s personnelles<\/h3>\n<ul>\n<li>Aptitude tr\u00e8s d\u00e9velopp\u00e9e en communication et relations interpersonnelles.<\/li>\n<li>Leadership et engagement\u00a0;<\/li>\n<li>Resistance \u00e0 la pression\u00a0;<\/li>\n<li>Endurance, pugnacit\u00e9\u00a0; aimant les challenges\u00a0;<\/li>\n<\/ul>\n<h3>NB: les candidatures f\u00e9minines sont vivement encourag\u00e9es<\/h3>\n<h4>Dossier de candidature :<\/h4>\n<p>Les candidats int\u00e9ress\u00e9s doivent envoyer leur CV par mail \u00e0 <a href=\"mailto:hmr.bko.2021@gmail.com\">hmr.bko.2021@gmail.com<\/a> en pr\u00e9cisant l\u2019intitul\u00e9 du poste en objet.<\/p>\n<h4>Date limite de d\u00e9p\u00f4t des dossiers:<\/h4>\n<p>Mercredi 17-02-2021 \u00e0 16h.<\/p>\n","protected":false},"excerpt":{"rendered":"<p>Appel \u00e0 Candidatures pour le poste: Responsable Commercial.e Pr\u00e9sentation de l\u2019entreprise Entreprise Malienne d\u2019Ing\u00e9nierie, de Construction et de Maintenance, \u201cEMICOM\u201d est sp\u00e9cialis\u00e9e en \u00e9nergie solaire, installations \u00e9lectriques, efficacit\u00e9 \u00e9nerg\u00e9tique, g\u00e9nie civil, t\u00e9l\u00e9communication, vid\u00e9o surveillance, contr\u00f4le d\u2019acc\u00e8s et gestion des op\u00e9rations dans les industries. Elle \u0153uvre, innove dans ces domaines depuis plus de 22 ans et&hellip;<\/p>\n","protected":false},"author":1,"featured_media":490,"comment_status":"closed","ping_status":"open","sticky":false,"template":"","format":"standard","meta":[],"categories":[53],"tags":[],"yoast_head":"<!-- This site is optimized with the Yoast SEO plugin v23.0 - https:\/\/yoast.com\/wordpress\/plugins\/seo\/ -->\n<title>01 Responsable Commercial.e - EMICOM MALI<\/title>\n<meta name=\"description\" content=\"Concevoir et d\u00e9ployer les strat\u00e9gies commerciales de la soci\u00e9t\u00e9 et veiller \u00e0 l\u2019atteinte des objectifs et r\u00e9sultats du d\u00e9partement du service.\" \/>\n<meta name=\"robots\" content=\"index, follow, max-snippet:-1, max-image-preview:large, max-video-preview:-1\" \/>\n<link rel=\"canonical\" href=\"https:\/\/www.emicom-mali.com\/web\/01-responsable-commercial\/\" \/>\n<meta property=\"og:locale\" content=\"fr_FR\" \/>\n<meta property=\"og:type\" content=\"article\" \/>\n<meta property=\"og:title\" content=\"Appel \u00e0 Candidatures pour le poste:\u00a0Responsable Commercial.e\" \/>\n<meta property=\"og:description\" content=\"Concevoir et d\u00e9ployer les strat\u00e9gies commerciales de la soci\u00e9t\u00e9 et veiller \u00e0 l\u2019atteinte des objectifs et r\u00e9sultats du d\u00e9partement du service.\" \/>\n<meta property=\"og:url\" content=\"https:\/\/www.emicom-mali.com\/web\/01-responsable-commercial\/\" \/>\n<meta property=\"og:site_name\" content=\"EMICOM MALI\" \/>\n<meta property=\"article:publisher\" content=\"https:\/\/www.facebook.com\/Emicom-220426265073528\" \/>\n<meta property=\"article:published_time\" content=\"2021-02-11T00:12:02+00:00\" \/>\n<meta property=\"article:modified_time\" content=\"2021-02-11T01:14:35+00:00\" \/>\n<meta property=\"og:image\" content=\"https:\/\/www.emicom-mali.com\/web\/wp-content\/uploads\/2021\/02\/Recrutement-Responsable-Commercial.e.jpg\" \/>\n\t<meta property=\"og:image:width\" content=\"1200\" \/>\n\t<meta property=\"og:image:height\" content=\"1200\" \/>\n\t<meta property=\"og:image:type\" content=\"image\/jpeg\" \/>\n<meta name=\"author\" content=\"Djibril\" \/>\n<meta name=\"twitter:card\" content=\"summary_large_image\" \/>\n<meta name=\"twitter:label1\" content=\"\u00c9crit par\" \/>\n\t<meta name=\"twitter:data1\" content=\"Djibril\" \/>\n\t<meta name=\"twitter:label2\" content=\"Dur\u00e9e de lecture estim\u00e9e\" \/>\n\t<meta name=\"twitter:data2\" content=\"3 minutes\" \/>\n<script type=\"application\/ld+json\" class=\"yoast-schema-graph\">{\"@context\":\"https:\/\/schema.org\",\"@graph\":[{\"@type\":\"Article\",\"@id\":\"https:\/\/www.emicom-mali.com\/web\/01-responsable-commercial\/#article\",\"isPartOf\":{\"@id\":\"https:\/\/www.emicom-mali.com\/web\/01-responsable-commercial\/\"},\"author\":{\"name\":\"Djibril\",\"@id\":\"https:\/\/www.emicom-mali.com\/web\/#\/schema\/person\/b725fdc9b409c0a6f6fb2c604ac47127\"},\"headline\":\"01 Responsable Commercial.e\",\"datePublished\":\"2021-02-11T00:12:02+00:00\",\"dateModified\":\"2021-02-11T01:14:35+00:00\",\"mainEntityOfPage\":{\"@id\":\"https:\/\/www.emicom-mali.com\/web\/01-responsable-commercial\/\"},\"wordCount\":596,\"publisher\":{\"@id\":\"https:\/\/www.emicom-mali.com\/web\/#organization\"},\"image\":{\"@id\":\"https:\/\/www.emicom-mali.com\/web\/01-responsable-commercial\/#primaryimage\"},\"thumbnailUrl\":\"https:\/\/www.emicom-mali.com\/web\/wp-content\/uploads\/2021\/02\/Recrutement-Responsable-Commercial.e.jpg\",\"articleSection\":[\"Recrutement\"],\"inLanguage\":\"fr-FR\"},{\"@type\":\"WebPage\",\"@id\":\"https:\/\/www.emicom-mali.com\/web\/01-responsable-commercial\/\",\"url\":\"https:\/\/www.emicom-mali.com\/web\/01-responsable-commercial\/\",\"name\":\"01 Responsable Commercial.e - EMICOM MALI\",\"isPartOf\":{\"@id\":\"https:\/\/www.emicom-mali.com\/web\/#website\"},\"primaryImageOfPage\":{\"@id\":\"https:\/\/www.emicom-mali.com\/web\/01-responsable-commercial\/#primaryimage\"},\"image\":{\"@id\":\"https:\/\/www.emicom-mali.com\/web\/01-responsable-commercial\/#primaryimage\"},\"thumbnailUrl\":\"https:\/\/www.emicom-mali.com\/web\/wp-content\/uploads\/2021\/02\/Recrutement-Responsable-Commercial.e.jpg\",\"datePublished\":\"2021-02-11T00:12:02+00:00\",\"dateModified\":\"2021-02-11T01:14:35+00:00\",\"description\":\"Concevoir et d\u00e9ployer les strat\u00e9gies commerciales de la soci\u00e9t\u00e9 et veiller \u00e0 l\u2019atteinte des objectifs et r\u00e9sultats du d\u00e9partement du service.\",\"breadcrumb\":{\"@id\":\"https:\/\/www.emicom-mali.com\/web\/01-responsable-commercial\/#breadcrumb\"},\"inLanguage\":\"fr-FR\",\"potentialAction\":[{\"@type\":\"ReadAction\",\"target\":[\"https:\/\/www.emicom-mali.com\/web\/01-responsable-commercial\/\"]}]},{\"@type\":\"ImageObject\",\"inLanguage\":\"fr-FR\",\"@id\":\"https:\/\/www.emicom-mali.com\/web\/01-responsable-commercial\/#primaryimage\",\"url\":\"https:\/\/www.emicom-mali.com\/web\/wp-content\/uploads\/2021\/02\/Recrutement-Responsable-Commercial.e.jpg\",\"contentUrl\":\"https:\/\/www.emicom-mali.com\/web\/wp-content\/uploads\/2021\/02\/Recrutement-Responsable-Commercial.e.jpg\",\"width\":1200,\"height\":1200},{\"@type\":\"BreadcrumbList\",\"@id\":\"https:\/\/www.emicom-mali.com\/web\/01-responsable-commercial\/#breadcrumb\",\"itemListElement\":[{\"@type\":\"ListItem\",\"position\":1,\"name\":\"Accueil\",\"item\":\"https:\/\/www.emicom-mali.com\/web\/\"},{\"@type\":\"ListItem\",\"position\":2,\"name\":\"01 Responsable Commercial.e\"}]},{\"@type\":\"WebSite\",\"@id\":\"https:\/\/www.emicom-mali.com\/web\/#website\",\"url\":\"https:\/\/www.emicom-mali.com\/web\/\",\"name\":\"EMICOM MALI\",\"description\":\"En plus nous capturons le soleil\",\"publisher\":{\"@id\":\"https:\/\/www.emicom-mali.com\/web\/#organization\"},\"potentialAction\":[{\"@type\":\"SearchAction\",\"target\":{\"@type\":\"EntryPoint\",\"urlTemplate\":\"https:\/\/www.emicom-mali.com\/web\/?s={search_term_string}\"},\"query-input\":\"required name=search_term_string\"}],\"inLanguage\":\"fr-FR\"},{\"@type\":\"Organization\",\"@id\":\"https:\/\/www.emicom-mali.com\/web\/#organization\",\"name\":\"EMICOM MALI\",\"url\":\"https:\/\/www.emicom-mali.com\/web\/\",\"logo\":{\"@type\":\"ImageObject\",\"inLanguage\":\"fr-FR\",\"@id\":\"https:\/\/www.emicom-mali.com\/web\/#\/schema\/logo\/image\/\",\"url\":\"https:\/\/www.emicom-mali.com\/web\/wp-content\/uploads\/2016\/12\/logo-nom.png\",\"contentUrl\":\"https:\/\/www.emicom-mali.com\/web\/wp-content\/uploads\/2016\/12\/logo-nom.png\",\"width\":172,\"height\":105,\"caption\":\"EMICOM MALI\"},\"image\":{\"@id\":\"https:\/\/www.emicom-mali.com\/web\/#\/schema\/logo\/image\/\"},\"sameAs\":[\"https:\/\/www.facebook.com\/Emicom-220426265073528\"]},{\"@type\":\"Person\",\"@id\":\"https:\/\/www.emicom-mali.com\/web\/#\/schema\/person\/b725fdc9b409c0a6f6fb2c604ac47127\",\"name\":\"Djibril\",\"image\":{\"@type\":\"ImageObject\",\"inLanguage\":\"fr-FR\",\"@id\":\"https:\/\/www.emicom-mali.com\/web\/#\/schema\/person\/image\/\",\"url\":\"https:\/\/secure.gravatar.com\/avatar\/a9c9ec1dc0e566bdd3eed8d7addadace?s=96&d=mm&r=g\",\"contentUrl\":\"https:\/\/secure.gravatar.com\/avatar\/a9c9ec1dc0e566bdd3eed8d7addadace?s=96&d=mm&r=g\",\"caption\":\"Djibril\"}}]}<\/script>\n<!-- \/ Yoast SEO plugin. -->","yoast_head_json":{"title":"01 Responsable Commercial.e - EMICOM MALI","description":"Concevoir et d\u00e9ployer les strat\u00e9gies commerciales de la soci\u00e9t\u00e9 et veiller \u00e0 l\u2019atteinte des objectifs et r\u00e9sultats du d\u00e9partement du service.","robots":{"index":"index","follow":"follow","max-snippet":"max-snippet:-1","max-image-preview":"max-image-preview:large","max-video-preview":"max-video-preview:-1"},"canonical":"https:\/\/www.emicom-mali.com\/web\/01-responsable-commercial\/","og_locale":"fr_FR","og_type":"article","og_title":"Appel \u00e0 Candidatures pour le poste:\u00a0Responsable Commercial.e","og_description":"Concevoir et d\u00e9ployer les strat\u00e9gies commerciales de la soci\u00e9t\u00e9 et veiller \u00e0 l\u2019atteinte des objectifs et r\u00e9sultats du d\u00e9partement du service.","og_url":"https:\/\/www.emicom-mali.com\/web\/01-responsable-commercial\/","og_site_name":"EMICOM MALI","article_publisher":"https:\/\/www.facebook.com\/Emicom-220426265073528","article_published_time":"2021-02-11T00:12:02+00:00","article_modified_time":"2021-02-11T01:14:35+00:00","og_image":[{"width":1200,"height":1200,"url":"https:\/\/www.emicom-mali.com\/web\/wp-content\/uploads\/2021\/02\/Recrutement-Responsable-Commercial.e.jpg","type":"image\/jpeg"}],"author":"Djibril","twitter_card":"summary_large_image","twitter_misc":{"\u00c9crit par":"Djibril","Dur\u00e9e de lecture estim\u00e9e":"3 minutes"},"schema":{"@context":"https:\/\/schema.org","@graph":[{"@type":"Article","@id":"https:\/\/www.emicom-mali.com\/web\/01-responsable-commercial\/#article","isPartOf":{"@id":"https:\/\/www.emicom-mali.com\/web\/01-responsable-commercial\/"},"author":{"name":"Djibril","@id":"https:\/\/www.emicom-mali.com\/web\/#\/schema\/person\/b725fdc9b409c0a6f6fb2c604ac47127"},"headline":"01 Responsable Commercial.e","datePublished":"2021-02-11T00:12:02+00:00","dateModified":"2021-02-11T01:14:35+00:00","mainEntityOfPage":{"@id":"https:\/\/www.emicom-mali.com\/web\/01-responsable-commercial\/"},"wordCount":596,"publisher":{"@id":"https:\/\/www.emicom-mali.com\/web\/#organization"},"image":{"@id":"https:\/\/www.emicom-mali.com\/web\/01-responsable-commercial\/#primaryimage"},"thumbnailUrl":"https:\/\/www.emicom-mali.com\/web\/wp-content\/uploads\/2021\/02\/Recrutement-Responsable-Commercial.e.jpg","articleSection":["Recrutement"],"inLanguage":"fr-FR"},{"@type":"WebPage","@id":"https:\/\/www.emicom-mali.com\/web\/01-responsable-commercial\/","url":"https:\/\/www.emicom-mali.com\/web\/01-responsable-commercial\/","name":"01 Responsable Commercial.e - EMICOM MALI","isPartOf":{"@id":"https:\/\/www.emicom-mali.com\/web\/#website"},"primaryImageOfPage":{"@id":"https:\/\/www.emicom-mali.com\/web\/01-responsable-commercial\/#primaryimage"},"image":{"@id":"https:\/\/www.emicom-mali.com\/web\/01-responsable-commercial\/#primaryimage"},"thumbnailUrl":"https:\/\/www.emicom-mali.com\/web\/wp-content\/uploads\/2021\/02\/Recrutement-Responsable-Commercial.e.jpg","datePublished":"2021-02-11T00:12:02+00:00","dateModified":"2021-02-11T01:14:35+00:00","description":"Concevoir et d\u00e9ployer les strat\u00e9gies commerciales de la soci\u00e9t\u00e9 et veiller \u00e0 l\u2019atteinte des objectifs et r\u00e9sultats du d\u00e9partement du service.","breadcrumb":{"@id":"https:\/\/www.emicom-mali.com\/web\/01-responsable-commercial\/#breadcrumb"},"inLanguage":"fr-FR","potentialAction":[{"@type":"ReadAction","target":["https:\/\/www.emicom-mali.com\/web\/01-responsable-commercial\/"]}]},{"@type":"ImageObject","inLanguage":"fr-FR","@id":"https:\/\/www.emicom-mali.com\/web\/01-responsable-commercial\/#primaryimage","url":"https:\/\/www.emicom-mali.com\/web\/wp-content\/uploads\/2021\/02\/Recrutement-Responsable-Commercial.e.jpg","contentUrl":"https:\/\/www.emicom-mali.com\/web\/wp-content\/uploads\/2021\/02\/Recrutement-Responsable-Commercial.e.jpg","width":1200,"height":1200},{"@type":"BreadcrumbList","@id":"https:\/\/www.emicom-mali.com\/web\/01-responsable-commercial\/#breadcrumb","itemListElement":[{"@type":"ListItem","position":1,"name":"Accueil","item":"https:\/\/www.emicom-mali.com\/web\/"},{"@type":"ListItem","position":2,"name":"01 Responsable Commercial.e"}]},{"@type":"WebSite","@id":"https:\/\/www.emicom-mali.com\/web\/#website","url":"https:\/\/www.emicom-mali.com\/web\/","name":"EMICOM MALI","description":"En plus nous capturons le soleil","publisher":{"@id":"https:\/\/www.emicom-mali.com\/web\/#organization"},"potentialAction":[{"@type":"SearchAction","target":{"@type":"EntryPoint","urlTemplate":"https:\/\/www.emicom-mali.com\/web\/?s={search_term_string}"},"query-input":"required name=search_term_string"}],"inLanguage":"fr-FR"},{"@type":"Organization","@id":"https:\/\/www.emicom-mali.com\/web\/#organization","name":"EMICOM MALI","url":"https:\/\/www.emicom-mali.com\/web\/","logo":{"@type":"ImageObject","inLanguage":"fr-FR","@id":"https:\/\/www.emicom-mali.com\/web\/#\/schema\/logo\/image\/","url":"https:\/\/www.emicom-mali.com\/web\/wp-content\/uploads\/2016\/12\/logo-nom.png","contentUrl":"https:\/\/www.emicom-mali.com\/web\/wp-content\/uploads\/2016\/12\/logo-nom.png","width":172,"height":105,"caption":"EMICOM MALI"},"image":{"@id":"https:\/\/www.emicom-mali.com\/web\/#\/schema\/logo\/image\/"},"sameAs":["https:\/\/www.facebook.com\/Emicom-220426265073528"]},{"@type":"Person","@id":"https:\/\/www.emicom-mali.com\/web\/#\/schema\/person\/b725fdc9b409c0a6f6fb2c604ac47127","name":"Djibril","image":{"@type":"ImageObject","inLanguage":"fr-FR","@id":"https:\/\/www.emicom-mali.com\/web\/#\/schema\/person\/image\/","url":"https:\/\/secure.gravatar.com\/avatar\/a9c9ec1dc0e566bdd3eed8d7addadace?s=96&d=mm&r=g","contentUrl":"https:\/\/secure.gravatar.com\/avatar\/a9c9ec1dc0e566bdd3eed8d7addadace?s=96&d=mm&r=g","caption":"Djibril"}}]}},"_links":{"self":[{"href":"https:\/\/www.emicom-mali.com\/web\/wp-json\/wp\/v2\/posts\/489"}],"collection":[{"href":"https:\/\/www.emicom-mali.com\/web\/wp-json\/wp\/v2\/posts"}],"about":[{"href":"https:\/\/www.emicom-mali.com\/web\/wp-json\/wp\/v2\/types\/post"}],"author":[{"embeddable":true,"href":"https:\/\/www.emicom-mali.com\/web\/wp-json\/wp\/v2\/users\/1"}],"replies":[{"embeddable":true,"href":"https:\/\/www.emicom-mali.com\/web\/wp-json\/wp\/v2\/comments?post=489"}],"version-history":[{"count":1,"href":"https:\/\/www.emicom-mali.com\/web\/wp-json\/wp\/v2\/posts\/489\/revisions"}],"predecessor-version":[{"id":491,"href":"https:\/\/www.emicom-mali.com\/web\/wp-json\/wp\/v2\/posts\/489\/revisions\/491"}],"wp:featuredmedia":[{"embeddable":true,"href":"https:\/\/www.emicom-mali.com\/web\/wp-json\/wp\/v2\/media\/490"}],"wp:attachment":[{"href":"https:\/\/www.emicom-mali.com\/web\/wp-json\/wp\/v2\/media?parent=489"}],"wp:term":[{"taxonomy":"category","embeddable":true,"href":"https:\/\/www.emicom-mali.com\/web\/wp-json\/wp\/v2\/categories?post=489"},{"taxonomy":"post_tag","embeddable":true,"href":"https:\/\/www.emicom-mali.com\/web\/wp-json\/wp\/v2\/tags?post=489"}],"curies":[{"name":"wp","href":"https:\/\/api.w.org\/{rel}","templated":true}]}}