{"id":492,"date":"2021-02-11T01:23:50","date_gmt":"2021-02-11T00:23:50","guid":{"rendered":"https:\/\/www.emicom-mali.com\/web\/?p=492"},"modified":"2021-02-11T02:14:26","modified_gmt":"2021-02-11T01:14:26","slug":"02-chargee-commercial","status":"publish","type":"post","link":"https:\/\/www.emicom-mali.com\/web\/02-chargee-commercial\/","title":{"rendered":"02 Charg\u00e9.e.s Commerciaux"},"content":{"rendered":"<h2>Appel \u00e0 Candidatures pour le poste: <strong>Charg\u00e9.e Commercial.e<\/strong><\/h2>\n<h3>Pr\u00e9sentation de l\u2019entreprise<\/h3>\n<p>Entreprise Malienne d\u2019Ing\u00e9nierie, de Construction et de Maintenance, <strong>\u201cEMICOM\u201d<\/strong> est sp\u00e9cialis\u00e9e en \u00e9nergie solaire, installations \u00e9lectriques, efficacit\u00e9 \u00e9nerg\u00e9tique, g\u00e9nie civil, t\u00e9l\u00e9communication, vid\u00e9o surveillance, contr\u00f4le d\u2019acc\u00e8s et gestion des op\u00e9rations dans les industries. Elle \u0153uvre, innove dans ces domaines depuis plus de <strong>22 ans<\/strong> et y a acquis une r\u00e9putation d\u2019entreprise fiable et comp\u00e9tente.<\/p>\n<h3>Profil recherch\u00e9\u00a0:<\/h3>\n<p>Licence en commerce international ou \u00e9quivalent avec au moins trois ans d\u2019exp\u00e9rience professionnelle dans un poste similaire. La maitrise de l\u2019anglais est un atouts.<\/p>\n<h3>Description du Poste\u00a0:<\/h3>\n<h4>Missions<\/h4>\n<p>Licence en commerce international ou \u00e9quivalent avec au moins trois ans d\u2019exp\u00e9rience professionnelle dans un poste similaire.<\/p>\n<p>La maitrise de l\u2019anglais est un atout.<\/p>\n<h4>Responsabilit\u00e9s Manag\u00e9riales<\/h4>\n<ul>\n<li>Participer \u00e0 la mise en place de la strat\u00e9gie commerciale.<\/li>\n<li>Participer pleinement \u00e0 la mise en place et \u00e0 l\u2019atteinte des objectifs de performance du service commercial.<\/li>\n<li>Participer \u00e0 la mise en place des plans de communication interne et externe\u00a0ainsi que l\u2019aspect marketing.<\/li>\n<li>Participer au processus de conception et de soumission des appels d\u2019offres.<\/li>\n<li>Rendre compte au responsable de service sur l\u2019\u00e9volution des activit\u00e9s et toutes autres informations n\u00e9cessaires au bon fonctionnement du service.<\/li>\n<li>Participer pleinement \u00e0 la mise en place du Syst\u00e8me de Management QHSE de l\u2019entreprise et assurer la mise en \u0153uvre des activit\u00e9s relatives au service.<\/li>\n<\/ul>\n<h4>Responsabilit\u00e9s op\u00e9rationnelles<\/h4>\n<ul>\n<li>\u00c9tudes de march\u00e9.<\/li>\n<li>Prospection active sur le terrain.<\/li>\n<li>N\u00e9gociation et suivi des contrats.<\/li>\n<li>Vente et atteinte des chiffres pr\u00e9visionnels.<\/li>\n<li>Gestion du portefeuille de clients (fid\u00e9lisation, relation Client, suivi des niveaux de satisfaction \u2026).<\/li>\n<li>Assurer la participation de l\u2019entreprise \u00e0 diff\u00e9rents \u00e9v\u00e8nements commerciaux (foires, rencontres\u2026).<\/li>\n<li>Organisation et suivi des campagnes de communication au niveau local, national et international s\u2019il y a lieu.<\/li>\n<li>Identification des opportunit\u00e9s d\u2019affaires au niveau des ONG et organismes internationaux.<\/li>\n<li>Toutes autres activit\u00e9s n\u00e9cessaires au d\u00e9veloppement du service commercial et \u00e0 l\u2019atteinte des objectifs.<\/li>\n<li>R\u00e9aliser toute autre activit\u00e9 n\u00e9cessaire au d\u00e9veloppement du service et \u00e0 l\u2019atteinte des objectifs strat\u00e9giques.<\/li>\n<\/ul>\n<h3>Comp\u00e9tences\/qualit\u00e9s personnelles<\/h3>\n<ul>\n<li>Bonne capacit\u00e9 \u00e0 planifier, \u00e0 organiser et \u00e0 g\u00e9rer en mode multi-projets\/multi-dossiers.<\/li>\n<li>Bonnes capacit\u00e9s r\u00e9dactionnelles.<\/li>\n<li>Tr\u00e8s bonnes qualit\u00e9s relationnelles.<\/li>\n<li>Forte capacit\u00e9 d\u2019int\u00e9gration et de travail en \u00e9quipe.<\/li>\n<li>Aptitude tr\u00e8s d\u00e9velopp\u00e9e en communication et relations interpersonnelles.<\/li>\n<li>Aptitude \u00e0 \u00eatre leader au sein d\u2019une \u00e9quipe.<\/li>\n<li>R\u00e9sistance \u00e0 la pression, endurance, pugnacit\u00e9, aimant les challenges.<\/li>\n<\/ul>\n<h3>NB: les candidatures f\u00e9minines sont vivement encourag\u00e9es<\/h3>\n<h4>Dossier de candidature :<\/h4>\n<p>Les candidats int\u00e9ress\u00e9s doivent envoyer leur CV par mail \u00e0 <a href=\"mailto:hmr.bko.2021@gmail.com\">hmr.bko.2021@gmail.com<\/a> en pr\u00e9cisant l\u2019intitul\u00e9 du poste en objet.<\/p>\n<h4>Date limite de d\u00e9p\u00f4t des dossiers:<\/h4>\n<p>Mercredi 17-02-2021 \u00e0 16h.<\/p>\n","protected":false},"excerpt":{"rendered":"<p>Appel \u00e0 Candidatures pour le poste: Charg\u00e9.e Commercial.e Pr\u00e9sentation de l\u2019entreprise Entreprise Malienne d\u2019Ing\u00e9nierie, de Construction et de Maintenance, \u201cEMICOM\u201d est sp\u00e9cialis\u00e9e en \u00e9nergie solaire, installations \u00e9lectriques, efficacit\u00e9 \u00e9nerg\u00e9tique, g\u00e9nie civil, t\u00e9l\u00e9communication, vid\u00e9o surveillance, contr\u00f4le d\u2019acc\u00e8s et gestion des op\u00e9rations dans les industries. Elle \u0153uvre, innove dans ces domaines depuis plus de 22 ans et&hellip;<\/p>\n","protected":false},"author":1,"featured_media":493,"comment_status":"closed","ping_status":"open","sticky":false,"template":"","format":"standard","meta":[],"categories":[53],"tags":[],"yoast_head":"<!-- This site is optimized with the Yoast SEO plugin v23.0 - https:\/\/yoast.com\/wordpress\/plugins\/seo\/ -->\n<title>02 Charg\u00e9.e.s Commerciaux - EMICOM MALI<\/title>\n<meta name=\"description\" content=\"Licence en commerce international ou \u00e9quivalent avec au moins trois ans d\u2019exp\u00e9rience professionnelle dans un poste similaire. La maitrise de l\u2019anglais est un atouts.\" \/>\n<meta name=\"robots\" content=\"index, follow, max-snippet:-1, max-image-preview:large, max-video-preview:-1\" \/>\n<link rel=\"canonical\" href=\"https:\/\/www.emicom-mali.com\/web\/02-chargee-commercial\/\" \/>\n<meta property=\"og:locale\" content=\"fr_FR\" \/>\n<meta property=\"og:type\" content=\"article\" \/>\n<meta property=\"og:title\" content=\"Appel \u00e0 Candidatures pour le poste:\u00a0Charg\u00e9.e Commercial.e\" \/>\n<meta property=\"og:description\" content=\"Licence en commerce international ou \u00e9quivalent avec au moins trois ans d\u2019exp\u00e9rience professionnelle dans un poste similaire. La maitrise de l\u2019anglais est un atouts.\" \/>\n<meta property=\"og:url\" content=\"https:\/\/www.emicom-mali.com\/web\/02-chargee-commercial\/\" \/>\n<meta property=\"og:site_name\" content=\"EMICOM MALI\" \/>\n<meta property=\"article:publisher\" content=\"https:\/\/www.facebook.com\/Emicom-220426265073528\" \/>\n<meta property=\"article:published_time\" content=\"2021-02-11T00:23:50+00:00\" \/>\n<meta property=\"article:modified_time\" content=\"2021-02-11T01:14:26+00:00\" \/>\n<meta property=\"og:image\" content=\"https:\/\/www.emicom-mali.com\/web\/wp-content\/uploads\/2021\/02\/Recrutement-Charg\u00e9.e.s-Commercial.e.jpg\" \/>\n\t<meta property=\"og:image:width\" content=\"1200\" \/>\n\t<meta property=\"og:image:height\" content=\"1200\" \/>\n\t<meta property=\"og:image:type\" content=\"image\/jpeg\" \/>\n<meta name=\"author\" content=\"Djibril\" \/>\n<meta name=\"twitter:card\" content=\"summary_large_image\" \/>\n<meta name=\"twitter:label1\" content=\"\u00c9crit par\" \/>\n\t<meta name=\"twitter:data1\" content=\"Djibril\" \/>\n\t<meta name=\"twitter:label2\" content=\"Dur\u00e9e de lecture estim\u00e9e\" \/>\n\t<meta name=\"twitter:data2\" content=\"2 minutes\" \/>\n<script type=\"application\/ld+json\" class=\"yoast-schema-graph\">{\"@context\":\"https:\/\/schema.org\",\"@graph\":[{\"@type\":\"Article\",\"@id\":\"https:\/\/www.emicom-mali.com\/web\/02-chargee-commercial\/#article\",\"isPartOf\":{\"@id\":\"https:\/\/www.emicom-mali.com\/web\/02-chargee-commercial\/\"},\"author\":{\"name\":\"Djibril\",\"@id\":\"https:\/\/www.emicom-mali.com\/web\/#\/schema\/person\/b725fdc9b409c0a6f6fb2c604ac47127\"},\"headline\":\"02 Charg\u00e9.e.s Commerciaux\",\"datePublished\":\"2021-02-11T00:23:50+00:00\",\"dateModified\":\"2021-02-11T01:14:26+00:00\",\"mainEntityOfPage\":{\"@id\":\"https:\/\/www.emicom-mali.com\/web\/02-chargee-commercial\/\"},\"wordCount\":487,\"publisher\":{\"@id\":\"https:\/\/www.emicom-mali.com\/web\/#organization\"},\"image\":{\"@id\":\"https:\/\/www.emicom-mali.com\/web\/02-chargee-commercial\/#primaryimage\"},\"thumbnailUrl\":\"https:\/\/www.emicom-mali.com\/web\/wp-content\/uploads\/2021\/02\/Recrutement-Charg\u00e9.e.s-Commercial.e.jpg\",\"articleSection\":[\"Recrutement\"],\"inLanguage\":\"fr-FR\"},{\"@type\":\"WebPage\",\"@id\":\"https:\/\/www.emicom-mali.com\/web\/02-chargee-commercial\/\",\"url\":\"https:\/\/www.emicom-mali.com\/web\/02-chargee-commercial\/\",\"name\":\"02 Charg\u00e9.e.s Commerciaux - EMICOM MALI\",\"isPartOf\":{\"@id\":\"https:\/\/www.emicom-mali.com\/web\/#website\"},\"primaryImageOfPage\":{\"@id\":\"https:\/\/www.emicom-mali.com\/web\/02-chargee-commercial\/#primaryimage\"},\"image\":{\"@id\":\"https:\/\/www.emicom-mali.com\/web\/02-chargee-commercial\/#primaryimage\"},\"thumbnailUrl\":\"https:\/\/www.emicom-mali.com\/web\/wp-content\/uploads\/2021\/02\/Recrutement-Charg\u00e9.e.s-Commercial.e.jpg\",\"datePublished\":\"2021-02-11T00:23:50+00:00\",\"dateModified\":\"2021-02-11T01:14:26+00:00\",\"description\":\"Licence en commerce international ou \u00e9quivalent avec au moins trois ans d\u2019exp\u00e9rience professionnelle dans un poste similaire. La maitrise de l\u2019anglais est un atouts.\",\"breadcrumb\":{\"@id\":\"https:\/\/www.emicom-mali.com\/web\/02-chargee-commercial\/#breadcrumb\"},\"inLanguage\":\"fr-FR\",\"potentialAction\":[{\"@type\":\"ReadAction\",\"target\":[\"https:\/\/www.emicom-mali.com\/web\/02-chargee-commercial\/\"]}]},{\"@type\":\"ImageObject\",\"inLanguage\":\"fr-FR\",\"@id\":\"https:\/\/www.emicom-mali.com\/web\/02-chargee-commercial\/#primaryimage\",\"url\":\"https:\/\/www.emicom-mali.com\/web\/wp-content\/uploads\/2021\/02\/Recrutement-Charg\u00e9.e.s-Commercial.e.jpg\",\"contentUrl\":\"https:\/\/www.emicom-mali.com\/web\/wp-content\/uploads\/2021\/02\/Recrutement-Charg\u00e9.e.s-Commercial.e.jpg\",\"width\":1200,\"height\":1200},{\"@type\":\"BreadcrumbList\",\"@id\":\"https:\/\/www.emicom-mali.com\/web\/02-chargee-commercial\/#breadcrumb\",\"itemListElement\":[{\"@type\":\"ListItem\",\"position\":1,\"name\":\"Accueil\",\"item\":\"https:\/\/www.emicom-mali.com\/web\/\"},{\"@type\":\"ListItem\",\"position\":2,\"name\":\"02 Charg\u00e9.e.s Commerciaux\"}]},{\"@type\":\"WebSite\",\"@id\":\"https:\/\/www.emicom-mali.com\/web\/#website\",\"url\":\"https:\/\/www.emicom-mali.com\/web\/\",\"name\":\"EMICOM MALI\",\"description\":\"En plus nous capturons le soleil\",\"publisher\":{\"@id\":\"https:\/\/www.emicom-mali.com\/web\/#organization\"},\"potentialAction\":[{\"@type\":\"SearchAction\",\"target\":{\"@type\":\"EntryPoint\",\"urlTemplate\":\"https:\/\/www.emicom-mali.com\/web\/?s={search_term_string}\"},\"query-input\":\"required name=search_term_string\"}],\"inLanguage\":\"fr-FR\"},{\"@type\":\"Organization\",\"@id\":\"https:\/\/www.emicom-mali.com\/web\/#organization\",\"name\":\"EMICOM MALI\",\"url\":\"https:\/\/www.emicom-mali.com\/web\/\",\"logo\":{\"@type\":\"ImageObject\",\"inLanguage\":\"fr-FR\",\"@id\":\"https:\/\/www.emicom-mali.com\/web\/#\/schema\/logo\/image\/\",\"url\":\"https:\/\/www.emicom-mali.com\/web\/wp-content\/uploads\/2016\/12\/logo-nom.png\",\"contentUrl\":\"https:\/\/www.emicom-mali.com\/web\/wp-content\/uploads\/2016\/12\/logo-nom.png\",\"width\":172,\"height\":105,\"caption\":\"EMICOM MALI\"},\"image\":{\"@id\":\"https:\/\/www.emicom-mali.com\/web\/#\/schema\/logo\/image\/\"},\"sameAs\":[\"https:\/\/www.facebook.com\/Emicom-220426265073528\"]},{\"@type\":\"Person\",\"@id\":\"https:\/\/www.emicom-mali.com\/web\/#\/schema\/person\/b725fdc9b409c0a6f6fb2c604ac47127\",\"name\":\"Djibril\",\"image\":{\"@type\":\"ImageObject\",\"inLanguage\":\"fr-FR\",\"@id\":\"https:\/\/www.emicom-mali.com\/web\/#\/schema\/person\/image\/\",\"url\":\"https:\/\/secure.gravatar.com\/avatar\/a9c9ec1dc0e566bdd3eed8d7addadace?s=96&d=mm&r=g\",\"contentUrl\":\"https:\/\/secure.gravatar.com\/avatar\/a9c9ec1dc0e566bdd3eed8d7addadace?s=96&d=mm&r=g\",\"caption\":\"Djibril\"}}]}<\/script>\n<!-- \/ Yoast SEO plugin. -->","yoast_head_json":{"title":"02 Charg\u00e9.e.s Commerciaux - EMICOM MALI","description":"Licence en commerce international ou \u00e9quivalent avec au moins trois ans d\u2019exp\u00e9rience professionnelle dans un poste similaire. La maitrise de l\u2019anglais est un atouts.","robots":{"index":"index","follow":"follow","max-snippet":"max-snippet:-1","max-image-preview":"max-image-preview:large","max-video-preview":"max-video-preview:-1"},"canonical":"https:\/\/www.emicom-mali.com\/web\/02-chargee-commercial\/","og_locale":"fr_FR","og_type":"article","og_title":"Appel \u00e0 Candidatures pour le poste:\u00a0Charg\u00e9.e Commercial.e","og_description":"Licence en commerce international ou \u00e9quivalent avec au moins trois ans d\u2019exp\u00e9rience professionnelle dans un poste similaire. La maitrise de l\u2019anglais est un atouts.","og_url":"https:\/\/www.emicom-mali.com\/web\/02-chargee-commercial\/","og_site_name":"EMICOM MALI","article_publisher":"https:\/\/www.facebook.com\/Emicom-220426265073528","article_published_time":"2021-02-11T00:23:50+00:00","article_modified_time":"2021-02-11T01:14:26+00:00","og_image":[{"width":1200,"height":1200,"url":"https:\/\/www.emicom-mali.com\/web\/wp-content\/uploads\/2021\/02\/Recrutement-Charg\u00e9.e.s-Commercial.e.jpg","type":"image\/jpeg"}],"author":"Djibril","twitter_card":"summary_large_image","twitter_misc":{"\u00c9crit par":"Djibril","Dur\u00e9e de lecture estim\u00e9e":"2 minutes"},"schema":{"@context":"https:\/\/schema.org","@graph":[{"@type":"Article","@id":"https:\/\/www.emicom-mali.com\/web\/02-chargee-commercial\/#article","isPartOf":{"@id":"https:\/\/www.emicom-mali.com\/web\/02-chargee-commercial\/"},"author":{"name":"Djibril","@id":"https:\/\/www.emicom-mali.com\/web\/#\/schema\/person\/b725fdc9b409c0a6f6fb2c604ac47127"},"headline":"02 Charg\u00e9.e.s Commerciaux","datePublished":"2021-02-11T00:23:50+00:00","dateModified":"2021-02-11T01:14:26+00:00","mainEntityOfPage":{"@id":"https:\/\/www.emicom-mali.com\/web\/02-chargee-commercial\/"},"wordCount":487,"publisher":{"@id":"https:\/\/www.emicom-mali.com\/web\/#organization"},"image":{"@id":"https:\/\/www.emicom-mali.com\/web\/02-chargee-commercial\/#primaryimage"},"thumbnailUrl":"https:\/\/www.emicom-mali.com\/web\/wp-content\/uploads\/2021\/02\/Recrutement-Charg\u00e9.e.s-Commercial.e.jpg","articleSection":["Recrutement"],"inLanguage":"fr-FR"},{"@type":"WebPage","@id":"https:\/\/www.emicom-mali.com\/web\/02-chargee-commercial\/","url":"https:\/\/www.emicom-mali.com\/web\/02-chargee-commercial\/","name":"02 Charg\u00e9.e.s Commerciaux - EMICOM MALI","isPartOf":{"@id":"https:\/\/www.emicom-mali.com\/web\/#website"},"primaryImageOfPage":{"@id":"https:\/\/www.emicom-mali.com\/web\/02-chargee-commercial\/#primaryimage"},"image":{"@id":"https:\/\/www.emicom-mali.com\/web\/02-chargee-commercial\/#primaryimage"},"thumbnailUrl":"https:\/\/www.emicom-mali.com\/web\/wp-content\/uploads\/2021\/02\/Recrutement-Charg\u00e9.e.s-Commercial.e.jpg","datePublished":"2021-02-11T00:23:50+00:00","dateModified":"2021-02-11T01:14:26+00:00","description":"Licence en commerce international ou \u00e9quivalent avec au moins trois ans d\u2019exp\u00e9rience professionnelle dans un poste similaire. La maitrise de l\u2019anglais est un atouts.","breadcrumb":{"@id":"https:\/\/www.emicom-mali.com\/web\/02-chargee-commercial\/#breadcrumb"},"inLanguage":"fr-FR","potentialAction":[{"@type":"ReadAction","target":["https:\/\/www.emicom-mali.com\/web\/02-chargee-commercial\/"]}]},{"@type":"ImageObject","inLanguage":"fr-FR","@id":"https:\/\/www.emicom-mali.com\/web\/02-chargee-commercial\/#primaryimage","url":"https:\/\/www.emicom-mali.com\/web\/wp-content\/uploads\/2021\/02\/Recrutement-Charg\u00e9.e.s-Commercial.e.jpg","contentUrl":"https:\/\/www.emicom-mali.com\/web\/wp-content\/uploads\/2021\/02\/Recrutement-Charg\u00e9.e.s-Commercial.e.jpg","width":1200,"height":1200},{"@type":"BreadcrumbList","@id":"https:\/\/www.emicom-mali.com\/web\/02-chargee-commercial\/#breadcrumb","itemListElement":[{"@type":"ListItem","position":1,"name":"Accueil","item":"https:\/\/www.emicom-mali.com\/web\/"},{"@type":"ListItem","position":2,"name":"02 Charg\u00e9.e.s Commerciaux"}]},{"@type":"WebSite","@id":"https:\/\/www.emicom-mali.com\/web\/#website","url":"https:\/\/www.emicom-mali.com\/web\/","name":"EMICOM MALI","description":"En plus nous capturons le soleil","publisher":{"@id":"https:\/\/www.emicom-mali.com\/web\/#organization"},"potentialAction":[{"@type":"SearchAction","target":{"@type":"EntryPoint","urlTemplate":"https:\/\/www.emicom-mali.com\/web\/?s={search_term_string}"},"query-input":"required name=search_term_string"}],"inLanguage":"fr-FR"},{"@type":"Organization","@id":"https:\/\/www.emicom-mali.com\/web\/#organization","name":"EMICOM MALI","url":"https:\/\/www.emicom-mali.com\/web\/","logo":{"@type":"ImageObject","inLanguage":"fr-FR","@id":"https:\/\/www.emicom-mali.com\/web\/#\/schema\/logo\/image\/","url":"https:\/\/www.emicom-mali.com\/web\/wp-content\/uploads\/2016\/12\/logo-nom.png","contentUrl":"https:\/\/www.emicom-mali.com\/web\/wp-content\/uploads\/2016\/12\/logo-nom.png","width":172,"height":105,"caption":"EMICOM MALI"},"image":{"@id":"https:\/\/www.emicom-mali.com\/web\/#\/schema\/logo\/image\/"},"sameAs":["https:\/\/www.facebook.com\/Emicom-220426265073528"]},{"@type":"Person","@id":"https:\/\/www.emicom-mali.com\/web\/#\/schema\/person\/b725fdc9b409c0a6f6fb2c604ac47127","name":"Djibril","image":{"@type":"ImageObject","inLanguage":"fr-FR","@id":"https:\/\/www.emicom-mali.com\/web\/#\/schema\/person\/image\/","url":"https:\/\/secure.gravatar.com\/avatar\/a9c9ec1dc0e566bdd3eed8d7addadace?s=96&d=mm&r=g","contentUrl":"https:\/\/secure.gravatar.com\/avatar\/a9c9ec1dc0e566bdd3eed8d7addadace?s=96&d=mm&r=g","caption":"Djibril"}}]}},"_links":{"self":[{"href":"https:\/\/www.emicom-mali.com\/web\/wp-json\/wp\/v2\/posts\/492"}],"collection":[{"href":"https:\/\/www.emicom-mali.com\/web\/wp-json\/wp\/v2\/posts"}],"about":[{"href":"https:\/\/www.emicom-mali.com\/web\/wp-json\/wp\/v2\/types\/post"}],"author":[{"embeddable":true,"href":"https:\/\/www.emicom-mali.com\/web\/wp-json\/wp\/v2\/users\/1"}],"replies":[{"embeddable":true,"href":"https:\/\/www.emicom-mali.com\/web\/wp-json\/wp\/v2\/comments?post=492"}],"version-history":[{"count":2,"href":"https:\/\/www.emicom-mali.com\/web\/wp-json\/wp\/v2\/posts\/492\/revisions"}],"predecessor-version":[{"id":498,"href":"https:\/\/www.emicom-mali.com\/web\/wp-json\/wp\/v2\/posts\/492\/revisions\/498"}],"wp:featuredmedia":[{"embeddable":true,"href":"https:\/\/www.emicom-mali.com\/web\/wp-json\/wp\/v2\/media\/493"}],"wp:attachment":[{"href":"https:\/\/www.emicom-mali.com\/web\/wp-json\/wp\/v2\/media?parent=492"}],"wp:term":[{"taxonomy":"category","embeddable":true,"href":"https:\/\/www.emicom-mali.com\/web\/wp-json\/wp\/v2\/categories?post=492"},{"taxonomy":"post_tag","embeddable":true,"href":"https:\/\/www.emicom-mali.com\/web\/wp-json\/wp\/v2\/tags?post=492"}],"curies":[{"name":"wp","href":"https:\/\/api.w.org\/{rel}","templated":true}]}}